{"id":424,"date":"2001-09-27T14:42:00","date_gmt":"2001-09-27T12:42:00","guid":{"rendered":"http:\/\/groscurth.com\/wordpress\/?p=424"},"modified":"2001-09-27T14:42:00","modified_gmt":"2001-09-27T12:42:00","slug":"virilio_2","status":"publish","type":"post","link":"http:\/\/groscurth.com\/wordpress\/2001\/09\/27\/virilio_2\/","title":{"rendered":"Virilio"},"content":{"rendered":"<p>Paul Virilio meldet sich auch hier in der Elektrolounge zu Wort. Freilich nur indirekt mit zwei von mir zusammengefassten Texten zum Status des technisch erzeugten Bildes. Eine Stellungnahme des franz\u00f6sischen Kulturtheoretikers zu den live auf CNN gezeigten Bildern des WTC Anschlages w\u00fcrde also nicht lange auf sich warten lassen. Hier also einige wenige Zeilen aus einem Interview in der Frankfurter Allgemeinen Zeitung. Leider ist das gesamte Interview momentan nicht auffindbar.<\/p>\n<ul><i>Nach den Live-Bildern vom Anschlag auf das World Trade Center bef\u00fcrchtet der franz\u00f6sische Philosoph Paul Virilio f\u00fcr die Massenmedien eine Einschr\u00e4nkung der Meinungsfreiheit. &#8222;Wir werden mehr polizeistaatliche Lenkungen erleben. Zur Diskussion stehen dabei keineswegs die Fotos von einem Ereignis, sondern die Live-Bilder&#8220;, sagte Virilio in einem Interview der &#8222;Frankfurter Allgemeinen Zeitung&#8220;. Das Fernsehen sei ein &#8222;Bestandteil des Attentats&#8220;. &#8222;Der Katastrophenfilm der Wirklichkeit existiert nur dank CNN&#8220;. Daher gebe es eine indirekte Mitschuld der Medien. Nat\u00fcrliche m\u00fcsse das Fernsehen zeigen, &#8222;was passiert. Aber man wird sehr unbequeme Fragen stellen m\u00fcssen \u00fcber das Verh\u00e4ltnis zwischen den Ereignissen und ihrer gleichzeitigen \u00dcbertragung in der ganzen Welt.&#8220; Er selbst habe kein Fernsehger\u00e4t und &#8222;will nie mehr fernsehen&#8220;, sagte der 1932 geborene Virilio. Auch ohne Fernsehen wisse man \u00fcber die Fakten der Katastrophe bescheid.&#8220; Je intensiver gesendet wird, umso weniger wei\u00df man im Allgemeinen.&#8220; St\u00e4ndig w\u00fcrden auch die selben Bilder gesendet, monierte der Medienkritiker. &#8222;Diese Exzesse werden zu einer gro\u00dfen Gefahr f\u00fcr die Information.&#8220;<\/i><\/ul>\n","protected":false},"excerpt":{"rendered":"<p>Paul Virilio meldet sich auch hier in der Elektrolounge zu Wort. Freilich nur indirekt mit zwei von mir zusammengefassten Texten zum Status des technisch erzeugten Bildes. Eine Stellungnahme des franz\u00f6sischen Kulturtheoretikers zu den live auf CNN gezeigten Bildern des WTC Anschlages w\u00fcrde also nicht lange auf sich warten lassen. Hier also einige wenige Zeilen aus [&hellip;]<\/p>\n","protected":false},"author":2,"featured_media":0,"comment_status":"open","ping_status":"closed","sticky":false,"template":"","format":"standard","meta":{"_jetpack_memberships_contains_paid_content":false,"footnotes":""},"categories":[1],"tags":[],"class_list":["post-424","post","type-post","status-publish","format-standard","hentry","category-allgemein"],"jetpack_sharing_enabled":true,"jetpack_featured_media_url":"","_links":{"self":[{"href":"http:\/\/groscurth.com\/wordpress\/wp-json\/wp\/v2\/posts\/424","targetHints":{"allow":["GET"]}}],"collection":[{"href":"http:\/\/groscurth.com\/wordpress\/wp-json\/wp\/v2\/posts"}],"about":[{"href":"http:\/\/groscurth.com\/wordpress\/wp-json\/wp\/v2\/types\/post"}],"author":[{"embeddable":true,"href":"http:\/\/groscurth.com\/wordpress\/wp-json\/wp\/v2\/users\/2"}],"replies":[{"embeddable":true,"href":"http:\/\/groscurth.com\/wordpress\/wp-json\/wp\/v2\/comments?post=424"}],"version-history":[{"count":0,"href":"http:\/\/groscurth.com\/wordpress\/wp-json\/wp\/v2\/posts\/424\/revisions"}],"wp:attachment":[{"href":"http:\/\/groscurth.com\/wordpress\/wp-json\/wp\/v2\/media?parent=424"}],"wp:term":[{"taxonomy":"category","embeddable":true,"href":"http:\/\/groscurth.com\/wordpress\/wp-json\/wp\/v2\/categories?post=424"},{"taxonomy":"post_tag","embeddable":true,"href":"http:\/\/groscurth.com\/wordpress\/wp-json\/wp\/v2\/tags?post=424"}],"curies":[{"name":"wp","href":"https:\/\/api.w.org\/{rel}","templated":true}]}}