{"id":419,"date":"2001-09-21T00:29:00","date_gmt":"2001-09-20T22:29:00","guid":{"rendered":"http:\/\/groscurth.com\/wordpress\/?p=419"},"modified":"2001-09-21T00:29:00","modified_gmt":"2001-09-20T22:29:00","slug":"themenabend","status":"publish","type":"post","link":"http:\/\/groscurth.com\/wordpress\/2001\/09\/21\/themenabend\/","title":{"rendered":"Themenabend"},"content":{"rendered":"<p>Ich habe den Themenabend Afghanistan auf <a href=\"http:\/\/www.arte-tv.com target=\"blank\">Arte<\/a> gesehen. Wohltuende Abwechslung der st\u00e4ndig um die Welt rotierenden Liveschaltungen. Bei fast allen Sender, so zumindest mein pers\u00f6nlicher Eindruck, geht Aktualit\u00e4t zu Lasten des Verst\u00e4ndnisses. Hat bisher jemand verstanden, worum es z.B. in dem seit \u00fcber zwanzig Jahren schwelenden B\u00fcrgerkrieg in Afghanistan geht?<\/p>\n<p>Der Afghanistan Themenabend  hilft da weiter. Ein ausgewogenes Programm, das sich aus Diskussion, kurzen, monothematischen Nachrichten und Dokumentationen zusammensetzt. So z.B. die <a href=\"http:\/\/www.arte-tv.com\/special\/afghanistan\/dtext\/massoud.htm target=\"blank\">Dokumentation<\/a> \u00fcber den afghanischen Widerstandsk\u00e4mpfers Massud (der kurz vor den Anschl\u00e4gen auf die USA von den Taliban <a href=\"http:\/\/www.afgha.com target=\"blank\">ermordet<\/a> wurde), die der Franzose Christophe de Ponfilly filmte. Wobei mir der Name Massud \u00fcbrigens bekannt vorkam. Nach einigem Suchen fand ich in eine Ausgabe des Geo-Magazins die spannende Reportage \u00fcber den allt\u00e4glichen Kriege des Massud gegen die Taliban. Zuvor wurde von der Arte Redaktion in einem halbst\u00fcndigen <a href=\"http:\/\/www.arte-tv.com\/hebdo\/dessouscartes\/19980808\/ftext\/start.html target=\"blank\">Beitrag<\/a> die Geschichte Afghanistans zwischen Kolonisierung, Besatzung und B\u00fcrgerkrieg nachgezeichnet. Gegen Ende l\u00e4uft eine weitere <a href=\"http:\/\/info.arte-tv.com\/info.php?dt=afgh&#038;db=intro&#038;dc=blau\u0081=d target=\"blanK\">Reportage<\/a> \u00fcber die Diktatur der Taliban.<\/p>\n","protected":false},"excerpt":{"rendered":"<p>Ich habe den Themenabend Afghanistan auf Dokumentation \u00fcber den afghanischen Widerstandsk\u00e4mpfers Massud (der kurz vor den Anschl\u00e4gen auf die USA von den Taliban Beitrag die Geschichte Afghanistans zwischen Kolonisierung, Besatzung und B\u00fcrgerkrieg nachgezeichnet. Gegen Ende l\u00e4uft eine weitere<\/p>\n","protected":false},"author":2,"featured_media":0,"comment_status":"open","ping_status":"closed","sticky":false,"template":"","format":"standard","meta":{"_jetpack_memberships_contains_paid_content":false,"footnotes":""},"categories":[1],"tags":[],"class_list":["post-419","post","type-post","status-publish","format-standard","hentry","category-allgemein"],"jetpack_sharing_enabled":true,"jetpack_featured_media_url":"","_links":{"self":[{"href":"http:\/\/groscurth.com\/wordpress\/wp-json\/wp\/v2\/posts\/419","targetHints":{"allow":["GET"]}}],"collection":[{"href":"http:\/\/groscurth.com\/wordpress\/wp-json\/wp\/v2\/posts"}],"about":[{"href":"http:\/\/groscurth.com\/wordpress\/wp-json\/wp\/v2\/types\/post"}],"author":[{"embeddable":true,"href":"http:\/\/groscurth.com\/wordpress\/wp-json\/wp\/v2\/users\/2"}],"replies":[{"embeddable":true,"href":"http:\/\/groscurth.com\/wordpress\/wp-json\/wp\/v2\/comments?post=419"}],"version-history":[{"count":0,"href":"http:\/\/groscurth.com\/wordpress\/wp-json\/wp\/v2\/posts\/419\/revisions"}],"wp:attachment":[{"href":"http:\/\/groscurth.com\/wordpress\/wp-json\/wp\/v2\/media?parent=419"}],"wp:term":[{"taxonomy":"category","embeddable":true,"href":"http:\/\/groscurth.com\/wordpress\/wp-json\/wp\/v2\/categories?post=419"},{"taxonomy":"post_tag","embeddable":true,"href":"http:\/\/groscurth.com\/wordpress\/wp-json\/wp\/v2\/tags?post=419"}],"curies":[{"name":"wp","href":"https:\/\/api.w.org\/{rel}","templated":true}]}}