{"id":123,"date":"2009-05-27T15:01:21","date_gmt":"2009-05-27T15:01:21","guid":{"rendered":"http:\/\/groscurth.com\/morph\/?p=123"},"modified":"2009-05-27T15:01:21","modified_gmt":"2009-05-27T15:01:21","slug":"ik-morphomata-beginnt","status":"publish","type":"post","link":"http:\/\/groscurth.com\/wordpress\/2009\/05\/27\/ik-morphomata-beginnt\/","title":{"rendered":"IK Morphomata beginnt"},"content":{"rendered":"<p>Wenn die\u00a0<a href=\"http:\/\/www.medienmorphologie.uni-siegen.de\/\">Sie\u00adge\u00adner Mor\u00adpho\u00adlo\u00adgie<\/a>\u00a0ihre For\u00admen eher als mediale Pro\u00adtes\u00adtan\u00adtis\u00admen beschrei\u00adben w\u00fcrde, dann w\u00e4ren am K\u00f6l\u00adner\u00a0<a href=\"http:\/\/www.ik-morphomata.uni-koeln.de\/\">IK\u00a0Mor\u00adpho\u00admata<\/a>\u00a0die etwas hin\u00adge\u00adbungs\u00advol\u00adle\u00adren Kul\u00adtur\u00adge\u00adschich\u00adten hono\u00adri\u00adger \u00bbMas\u00adter\u00adpie\u00adces\u00ab zu schrei\u00adben: \u00bbEs sind dies f\u00fcr das erste Tri\u00aden\u00adnium Mor\u00adphome des Sch\u00f6p\u00adfe\u00adri\u00adschen sowie der Wis\u00adsens\u2013 und Zei\u00adt\u00adord\u00adnun\u00adgen, f\u00fcr das zweite Tri\u00aden\u00adnium Mor\u00adphome des Hei\u00adli\u00adgen und des Todes sowie der Herrschaft.\u00ab<\/p>\n","protected":false},"excerpt":{"rendered":"<p>Wenn die\u00a0Sie\u00adge\u00adner Mor\u00adpho\u00adlo\u00adgie\u00a0ihre For\u00admen eher als mediale Pro\u00adtes\u00adtan\u00adtis\u00admen beschrei\u00adben w\u00fcrde, dann w\u00e4ren am K\u00f6l\u00adner\u00a0IK\u00a0Mor\u00adpho\u00admata\u00a0die etwas hin\u00adge\u00adbungs\u00advol\u00adle\u00adren Kul\u00adtur\u00adge\u00adschich\u00adten hono\u00adri\u00adger \u00bbMas\u00adter\u00adpie\u00adces\u00ab zu schrei\u00adben: \u00bbEs sind dies f\u00fcr das erste Tri\u00aden\u00adnium Mor\u00adphome des Sch\u00f6p\u00adfe\u00adri\u00adschen sowie der Wis\u00adsens\u2013 und Zei\u00adt\u00adord\u00adnun\u00adgen, f\u00fcr das zweite Tri\u00aden\u00adnium Mor\u00adphome des Hei\u00adli\u00adgen und des Todes sowie der Herrschaft.\u00ab<\/p>\n","protected":false},"author":2,"featured_media":0,"comment_status":"closed","ping_status":"closed","sticky":false,"template":"","format":"standard","meta":{"_jetpack_memberships_contains_paid_content":false,"footnotes":""},"categories":[1],"tags":[],"class_list":["post-123","post","type-post","status-publish","format-standard","hentry","category-allgemein"],"jetpack_sharing_enabled":true,"jetpack_featured_media_url":"","_links":{"self":[{"href":"http:\/\/groscurth.com\/wordpress\/wp-json\/wp\/v2\/posts\/123","targetHints":{"allow":["GET"]}}],"collection":[{"href":"http:\/\/groscurth.com\/wordpress\/wp-json\/wp\/v2\/posts"}],"about":[{"href":"http:\/\/groscurth.com\/wordpress\/wp-json\/wp\/v2\/types\/post"}],"author":[{"embeddable":true,"href":"http:\/\/groscurth.com\/wordpress\/wp-json\/wp\/v2\/users\/2"}],"replies":[{"embeddable":true,"href":"http:\/\/groscurth.com\/wordpress\/wp-json\/wp\/v2\/comments?post=123"}],"version-history":[{"count":0,"href":"http:\/\/groscurth.com\/wordpress\/wp-json\/wp\/v2\/posts\/123\/revisions"}],"wp:attachment":[{"href":"http:\/\/groscurth.com\/wordpress\/wp-json\/wp\/v2\/media?parent=123"}],"wp:term":[{"taxonomy":"category","embeddable":true,"href":"http:\/\/groscurth.com\/wordpress\/wp-json\/wp\/v2\/categories?post=123"},{"taxonomy":"post_tag","embeddable":true,"href":"http:\/\/groscurth.com\/wordpress\/wp-json\/wp\/v2\/tags?post=123"}],"curies":[{"name":"wp","href":"https:\/\/api.w.org\/{rel}","templated":true}]}}